{"id":591,"date":"2025-01-08T13:50:26","date_gmt":"2025-01-08T12:50:26","guid":{"rendered":"https:\/\/so-gehts-swa.de\/?p=591"},"modified":"2025-05-15T10:04:44","modified_gmt":"2025-05-15T08:04:44","slug":"kultursommer-im-kurpark-2025","status":"publish","type":"post","link":"https:\/\/so-gehts-swa.de\/kultursommer-im-kurpark-2025\/","title":{"rendered":"Kultursommer im Kurpark 2025"},"content":{"rendered":"<p>[et_pb_section fb_built=&#8220;1&#8243; admin_label=&#8220;section&#8220; _builder_version=&#8220;4.16&#8243; global_colors_info=&#8220;{}&#8220;][et_pb_row admin_label=&#8220;row&#8220; _builder_version=&#8220;4.16&#8243; background_size=&#8220;initial&#8220; background_position=&#8220;top_left&#8220; background_repeat=&#8220;repeat&#8220; global_colors_info=&#8220;{}&#8220;][et_pb_column type=&#8220;4_4&#8243; _builder_version=&#8220;4.16&#8243; custom_padding=&#8220;|||&#8220; global_colors_info=&#8220;{}&#8220; custom_padding__hover=&#8220;|||&#8220;][et_pb_text _builder_version=&#8220;4.23.1&#8243; _module_preset=&#8220;default&#8220; global_colors_info=&#8220;{}&#8220;]<\/p>\n<p>Auch in 2025 freuen wir uns wieder, mit Ihnen den Kultursommer Bad Schwalbach zu erleben und zu feiern. Wieder in zwei zeitlichen Bl\u00f6cken, Juni und August und dazwischen im Juli \u201eDein Tag im Park\u201c, pr\u00e4sentieren wir Ihnen ein vielseitiges Programm unterschiedlicher Genres, f\u00fcr Jung und Junggebliebene. Auf den kommenden Seiten stellen wir Ihnen unser awechslungsreiches Programm f\u00fcr den Kultursommer 2025 vor. <\/p>\n<p>Musikcomedy mit der Busch Company, Kabarett mit Tobias Mann, eine Programm-Wanderung, die preisgekr\u00f6nte Fanta Vier Tribute Band \u201e4 Gewinnt\u201c, die gr\u00f6\u00dften Rock Hits aller Zeit mit Andr\u00e9 Vaccaro &amp; Friends, Welthits auf Hessisch, eine Operngala und vieles mehr erwartet Sie in diesem Jahr in unserem Kurpark. Nat\u00fcrlich ist auch wieder ein kulinarisches Highlight mit Showk\u00fcche und mehrg\u00e4ngigem Menu sowie Weinverkostung dabei.<\/p>\n<p>Nat\u00fcrlich darf auch unser beliebter Familientag \u201eDein Tag im Park\u201c bei freiem Eintritt nicht fehlen. Seien Sie also gespannt und haben Sie zusammen mit uns einen tollen Sommer, gef\u00fcllt mit Kultur, Spa\u00df und Kulinarik im wundersch\u00f6nen Ambiente unseres Kurparks Bad Schwalbach! Tickets und Geschenkgutscheine f\u00fcr den Kultursommer sind ab dem 07.12.24 in allen Vor-<br \/>verkaufsstellen in Bad Schwalbach zu erwerben. <br \/>Die H\u00f6he der Gutscheine bestimmen Sie selbst. Die Gutscheine k\u00f6nnen dann in allen Vorverkaufsstellen oder an der Abendkasse \u2013sofern noch Pl\u00e4tze verf\u00fcgbar \u2013 als Zahlungsmittel eingel\u00f6st werden. <br \/>Wechselgeld bis \u20ac 5,00 werden zur\u00fcckgezahlt, eine h\u00f6here Barauszahlung ist jedoch nicht m\u00f6glich.<\/p>\n<p>[\/et_pb_text][\/et_pb_column][\/et_pb_row][et_pb_row column_structure=&#8220;1_2,1_2&#8243; admin_label=&#8220;Zeile&#8220; _builder_version=&#8220;4.23.1&#8243; _module_preset=&#8220;default&#8220; background_color=&#8220;RGBA(255,255,255,0)&#8220; global_colors_info=&#8220;{}&#8220;][et_pb_column type=&#8220;1_2&#8243; _builder_version=&#8220;4.17.0&#8243; _module_preset=&#8220;default&#8220; global_colors_info=&#8220;{}&#8220;][et_pb_image src=&#8220;https:\/\/so-gehts-swa.de\/wp-content\/uploads\/2025\/01\/1-busch-company-e1736341035498.png&#8220; title_text=&#8220;1 busch company&#8220; force_fullwidth=&#8220;on&#8220; _builder_version=&#8220;4.23.1&#8243; _module_preset=&#8220;default&#8220; global_colors_info=&#8220;{}&#8220; src__hover_enabled=&#8220;off|desktop&#8220;][\/et_pb_image][et_pb_text _builder_version=&#8220;4.17.0&#8243; _module_preset=&#8220;default&#8220; global_colors_info=&#8220;{}&#8220;]<\/p>\n<h3>Die Busch Company<\/h3>\n<h3><strong>Comedy, Zauberei, Musik und mehr &#8230;<\/strong><\/h3>\n<p>[\/et_pb_text][et_pb_accordion _builder_version=&#8220;4.23.1&#8243; _module_preset=&#8220;default&#8220; global_colors_info=&#8220;{}&#8220;][et_pb_accordion_item title=&#8220;Veranstaltung&#8220; open=&#8220;on&#8220; _builder_version=&#8220;4.23.1&#8243; _module_preset=&#8220;default&#8220; global_colors_info=&#8220;{}&#8220;]<\/p>\n<p><strong>FREITAG, 13.06.2025, 19:30 Uhr<\/strong><\/p>\n<p><strong>B\u00fchne am Kurweiher<\/strong><\/p>\n<p><strong>Eintritt \u20ac 22,00<\/strong><\/p>\n<a href='https:\/\/www.reservix.de\/tickets-comedy-zauberei-musik-und-mehr-kultursommer-bad-schwalbach-2025-in-bad-schwalbach-kurpark-buehne-am-kurweiher-am-13-6-2025\/e2352169' class='small-button smallgreen'>\u00fcber Reservix kaufen<\/a>\n<p>[\/et_pb_accordion_item][et_pb_accordion_item title=&#8220;Information&#8220; content_last_edited=&#8220;off|desktop&#8220; _builder_version=&#8220;4.23.1&#8243; _module_preset=&#8220;default&#8220; global_colors_info=&#8220;{}&#8220; content__hover_enabled=&#8220;off|desktop&#8220; open=&#8220;off&#8220;]<\/p>\n<p>\u00a0ie Busch Company pr\u00e4sentiert anarchische Comedy, magische Merkw\u00fcrdigkeiten und Livemusik in einer <br \/>temporeichen, komischen Show, begleitet von gro\u00dfartiger Swingmusik und Latinoklassikern. Mehr Kleinkunst geht nicht!<br \/>Die Company besteht aus Bernd Busch (Komiker, Clown, Comedian, B\u00fchnen-Anarcho), Alexander Merk (Zauberk\u00fcnstler) und Tommy Feiler (Gitarrist).<\/p>\n<p>Alle drei K\u00fcnstler haben bereits als Solok\u00fcnstler oder in anderen K\u00fcnstler-Ensembles erfolgreich Karrieren <br \/>gemacht. Nun haben sie sich zu einer besonderen Performance zusammengefunden und pr\u00e4sentieren <br \/>ihre Solonummern und gemeinsame Darbietungen mit popul\u00e4rer Jazzmusik, Swing und Latinoklassikern live.<\/p>\n<p>&nbsp;<\/p>\n<p>Der Erfurter Komiker, Comedian und Clown Bernd Busch, bereits erfolgreich u.a. auf dem Mail\u00e4nder Clownsfestival, Humorfestival Velden, Schmidt Theater Hamburg und Alexander Merk, Zauberk\u00fcnstler aus Berlin, mehrfacher deutscher Meister der Zauberkunst und in seiner Sparte zu <br \/>den Top Ten weltweit geh\u00f6rend und der Erfurter Musiker und Produzent Tommy Feiler pr\u00e4sentieren dieses in <br \/>der deutschen Kleinkunstszene einmalige Spektakel.<\/p>\n<p>[\/et_pb_accordion_item][\/et_pb_accordion][\/et_pb_column][et_pb_column type=&#8220;1_2&#8243; _builder_version=&#8220;4.17.0&#8243; _module_preset=&#8220;default&#8220; global_colors_info=&#8220;{}&#8220;][et_pb_image src=&#8220;https:\/\/so-gehts-swa.de\/wp-content\/uploads\/2025\/01\/2-tobias-mann-e1736341097627.png&#8220; title_text=&#8220;tobias mann&#8220; force_fullwidth=&#8220;on&#8220; _builder_version=&#8220;4.23.1&#8243; _module_preset=&#8220;default&#8220; global_colors_info=&#8220;{}&#8220;][\/et_pb_image][et_pb_text _builder_version=&#8220;4.17.0&#8243; _module_preset=&#8220;default&#8220; global_colors_info=&#8220;{}&#8220;]<\/p>\n<h3>Tobias Mann<\/h3>\n<h3><strong>Real \/ Fake &#8211; Das 8. Solo<\/strong><strong> <\/strong><\/h3>\n<p>[\/et_pb_text][et_pb_accordion _builder_version=&#8220;4.17.0&#8243; _module_preset=&#8220;default&#8220; global_colors_info=&#8220;{}&#8220;][et_pb_accordion_item title=&#8220;Veranstaltung&#8220; open=&#8220;on&#8220; _builder_version=&#8220;4.17.0&#8243; _module_preset=&#8220;default&#8220; global_colors_info=&#8220;{}&#8220;]<\/p>\n<p><strong>SAMSTAG, 14.06.2025, 19:30 Uhr<\/strong><\/p>\n<p><strong>B\u00fchne am Kurweiher<\/strong><\/p>\n<p><strong>Eintritt \u20ac 25,00<\/strong><\/p>\n<p><strong><a href='https:\/\/www.reservix.de\/tickets-real-fake-das-8-solo-kultursommer-bad-schwalbach-2025-in-bad-schwalbach-kurpark-buehne-am-kurweiher-am-14-6-2025\/e2352889' class='small-button smallgreen'>\u00fcber Reservix kaufen<\/a><\/strong><\/p>\n<p><strong><\/strong><\/p>\n<p>[\/et_pb_accordion_item][et_pb_accordion_item title=&#8220;Information&#8220; content_last_edited=&#8220;off|desktop&#8220; _builder_version=&#8220;4.17.0&#8243; _module_preset=&#8220;default&#8220; global_colors_info=&#8220;{}&#8220; content__hover_enabled=&#8220;off|desktop&#8220; open=&#8220;off&#8220;]<\/p>\n<p>aIn seinem 8. B\u00fchnenprogramm stellt sich Tobias Mann der wichtigsten Frage der Zeit: <br \/>Was ist echt und was ist falsch \u2013 und spielt das \u00fcberhaupt noch eine Rolle, wenn man mit einem Klick viel sch\u00f6nere Wahrheiten erzeugen kann, als die Realit\u00e4t sie hergibt? Sind Emotionen real, wenn sie vom Social-Media-Algorithmus erzeugt wurden? Und was hei\u00dft schon REAL, wenn man sich bei der allt\u00e4glichen Selbstbeobachtung zwischen seinem Spiegelbild und dem bearbeiteten Profilfoto im Netz entscheiden muss? \u201cFake it til you make it!\u201d ist das Motto der Zeit. REAL war gestern, dem FAKE geh\u00f6rt die Zukunft. Darum hat Tobias Mann trotz aller Widrigkeiten der Gegenwart extrem gute Laune und ist sicher: \u201eAlles wird gut!\u201c Schlie\u00dflich werden selbst die gr\u00f6\u00dften Probleme dieses Planeten k\u00fcnftig vom Computer gel\u00f6st. Gut, hoffentlich merkt der Rechner nicht, dass der Mensch das Problem ist. \u201eTobias Manns Programm ist zweifellos die beste Show, die man sich ansehen kann, da es mit un\u00fcbertroffener Brillanz, intelligentem Witz und einer unwiderstehlichen B\u00fchnenpr\u00e4senz das Publikum in seinen Bann zieht und unvergessliche Moment schafft.\u201c Diesen Satz hat sich nicht der \u00fcbereifrige Leiter des Kultursommers ausgedacht, sondern die K\u00fcnstliche Intelligenz. Ist die Information damit nun FAKE oder REAL? Um das herauszufinden, muss man sich den preisgekr\u00f6nten Kabarettisten und Musiker (Das ist \u00fcbrigens REAL \u2013 Deutscher Kleinkunstpreis, Bayerischer Kabarettpreis, Prix Pantheon uvm.) allerdings selbst anschauen. In Texten und Liedern widmet sich der Mann mit sonnigem Gem\u00fct und unersch\u00fctterlichem Humor falschen Wahrheiten und wahren Fakes. Ein Abend mit tiefsch\u00fcrfenden Gedanken, cleverer Satire und puppenlustigem Bl\u00f6dsinn vom Fach-Mann \u2013 das sollte man sich nicht entgehen lassen. Echt jetzt!<\/p>\n<p>[\/et_pb_accordion_item][\/et_pb_accordion][\/et_pb_column][\/et_pb_row][et_pb_row column_structure=&#8220;1_2,1_2&#8243; admin_label=&#8220;Zeile&#8220; _builder_version=&#8220;4.23.1&#8243; _module_preset=&#8220;default&#8220; background_color=&#8220;RGBA(255,255,255,0)&#8220; global_colors_info=&#8220;{}&#8220;][et_pb_column type=&#8220;1_2&#8243; _builder_version=&#8220;4.17.0&#8243; _module_preset=&#8220;default&#8220; global_colors_info=&#8220;{}&#8220;][et_pb_image src=&#8220;https:\/\/so-gehts-swa.de\/wp-content\/uploads\/2023\/12\/Katrin-Neugebauer-crop-1.png&#8220; title_text=&#8220;Katrin Neugebauer crop&#8220; force_fullwidth=&#8220;on&#8220; _builder_version=&#8220;4.23.1&#8243; _module_preset=&#8220;default&#8220; global_colors_info=&#8220;{}&#8220; src__hover_enabled=&#8220;off|desktop&#8220;][\/et_pb_image][et_pb_text _builder_version=&#8220;4.23.1&#8243; _module_preset=&#8220;default&#8220; global_colors_info=&#8220;{}&#8220;]<\/p>\n<h3>Regionale K\u00fcche trifft Wein<\/h3>\n<h3><strong>Das Degustationsmenu von Katrin Neugebauer und der Kochwerkstatt mit 3-4 Winzern und einer Sektkellerei<\/strong><\/h3>\n<p>[\/et_pb_text][et_pb_accordion _builder_version=&#8220;4.23.1&#8243; _module_preset=&#8220;default&#8220; global_colors_info=&#8220;{}&#8220;][et_pb_accordion_item title=&#8220;Veranstaltung&#8220; open=&#8220;on&#8220; _builder_version=&#8220;4.23.1&#8243; _module_preset=&#8220;default&#8220; global_colors_info=&#8220;{}&#8220;]<\/p>\n<p><strong>Mittwoch, 18.06.2025, 19:00 Uhr<\/strong><\/p>\n<p><strong>B\u00fchne am Kurweiher<\/strong><\/p>\n<p><strong>Eintritt \u20ac 59,00<\/strong><\/p>\n<p><strong><a href='https:\/\/www.reservix.de\/tickets-regionale-kueche-trifft-wein-kultursommer-bad-schwalbach-2025-in-bad-schwalbach-kurpark-buehne-am-kurweiher-am-18-6-2025\/e2352907' class='small-button smallgreen'>\u00fcber Reservix kaufen<\/a><\/strong><\/p>\n<p>Preis inkl. Speisen, Sekt- und Weinprobe (Tickets nur im Vorverkauf, keine Abendkasse)<\/p>\n<p>[\/et_pb_accordion_item][et_pb_accordion_item title=&#8220;Information&#8220; content_last_edited=&#8220;off|desktop&#8220; _builder_version=&#8220;4.23.1&#8243; _module_preset=&#8220;default&#8220; global_colors_info=&#8220;{}&#8220; content__hover_enabled=&#8220;off|desktop&#8220; open=&#8220;off&#8220;]<\/p>\n<p>Nach dem erfolgreichen Start in die Genuss-Kultur im letzten Jahr, begr\u00fc\u00dfen wir auch in diesem Jahr wieder Katrin Neugebauer, die durch die sensiblen Geschmacksnerven und unter der strengen Beobachtung von Sternek\u00f6chen wie Frank Rosin, Tim Raue, Alexander Herrmann und Alex Kumptner, sich bei der SAT.1 Kochshow \u201eThe Taste\u201c bis ins Finale kochte. Sie musste sich schlussendlich in einem spannenden Finale nur einem Gegenkandidaten unterwerfen und kochte sich damit auf einen hervorragenden Platz 2. Unter dem Motto \u201eRegionale K\u00fcche trifft Wein\u201c wird Sie uns, mit jedem Gang ihres Degustationsmenus, erneut die hohe Schule der Kochkunst pr\u00e4sentieren.<br \/>Die Winzer werden uns entsprechend korrespondierende Weine vorstellen, welche Ihnen als Probe serviert werden. Einleitend haben wir eine Sektkellerei eingeladen, mit denen wir den Abend beginnen werden. Die Tropfen die Ihnen am besten munden k\u00f6nnen nat\u00fcrlich auch f\u00fcr den Genuss zu Hause bestellt oder gekauft werden.<br \/>Freuen Sie sich mit uns auf einen kulinarischen Abend der Spitzenklasse, wie immer Open Air auf dem Platz am Kurweiher.<br \/>(Wein- und Sektprobe sowie eine Flasche Wasser sind pro Tisch sind im Preis inbegriffen, weitere Getr\u00e4nke sind am Weinstand erh\u00e4ltlich.)<\/p>\n<p>[\/et_pb_accordion_item][\/et_pb_accordion][\/et_pb_column][et_pb_column type=&#8220;1_2&#8243; _builder_version=&#8220;4.17.0&#8243; _module_preset=&#8220;default&#8220; global_colors_info=&#8220;{}&#8220;][et_pb_image src=&#8220;https:\/\/so-gehts-swa.de\/wp-content\/uploads\/2025\/01\/fruehling.png&#8220; title_text=&#8220;fr\u00fchling&#8220; force_fullwidth=&#8220;on&#8220; _builder_version=&#8220;4.23.1&#8243; _module_preset=&#8220;default&#8220; global_colors_info=&#8220;{}&#8220;][\/et_pb_image][et_pb_text _builder_version=&#8220;4.23.1&#8243; _module_preset=&#8220;default&#8220; global_colors_info=&#8220;{}&#8220;]<\/p>\n<h3>Tim Fr\u00fchling<\/h3>\n<h3><strong>Wanderung mit Lesung und Musikeinlage WALD!<\/strong><\/h3>\n<p>[\/et_pb_text][et_pb_accordion _builder_version=&#8220;4.23.1&#8243; _module_preset=&#8220;default&#8220; global_colors_info=&#8220;{}&#8220;][et_pb_accordion_item title=&#8220;Veranstaltung&#8220; open=&#8220;on&#8220; _builder_version=&#8220;4.23.1&#8243; _module_preset=&#8220;default&#8220; global_colors_info=&#8220;{}&#8220;]<\/p>\n<p><strong>Donnerstag, 19.06.2025, 12:00 Uhr<\/strong><\/p>\n<p><strong>Treffpunkt Moorbadehaus<\/strong><\/p>\n<p><strong>Eintritt frei<\/strong><\/p>\n<p>[\/et_pb_accordion_item][et_pb_accordion_item title=&#8220;Information&#8220; content_last_edited=&#8220;off|desktop&#8220; _builder_version=&#8220;4.23.1&#8243; _module_preset=&#8220;default&#8220; global_colors_info=&#8220;{}&#8220; content__hover_enabled=&#8220;off|desktop&#8220; open=&#8220;off&#8220;]<\/p>\n<p>Ein Tag im Wald \u2013 Natur, Kultur und Genuss erleben. Entdecken Sie die Sch\u00f6nheit der Bad Schwalbacher W\u00e4lder bei einer besonderen Wanderung voller Erlebnisse! Vom Treffpunkt an der Moorbahn im Kurpark aus starten wir gemeinsam in die eindrucksvolle Natur. Begleitet von spannenden Programmpunkten erwartet Sie ein Tag, der Kultur und Natur in einzigartiger Weise verbindet. Freuen Sie sich auf eine Lesung mit Tim Fr\u00fchling, dem bekannten Autor, Moderator und passionierten Wanderer. Lauschen Sie seinen Geschichten inmitten der inspirierenden Kulisse des Waldes. Musikalische Darbietungen, eingebettet in die malerische Umgebung, sorgen f\u00fcr magische Momente und unvergessliche Kl\u00e4nge. Auch f\u00fcr das leibliche Wohl ist bestens gesorgt \u2013 genie\u00dfen Sie regionale K\u00f6stlichkeiten und erfrischende Getr\u00e4nke, um die Wanderpause zu einem Genussmoment zu machen. Erleben Sie den Wald mit allen Sinnen und lassen Sie sich von der Kombination aus Natur, Kultur und Geselligkeit begeistern. Ob alleine, mit Freunden oder der ganzen Familie \u2013dieser Tag bietet etwas f\u00fcr alle, die den Wald von seiner sch\u00f6nsten Seite erleben m\u00f6chten. Eintritt frei! Wann und Wo? Treffpunkt: Moorbahn im Kurpark Bad Schwalbach Freuen Sie sich auf einen unvergesslichen Tag in der Natur!<\/p>\n<p>[\/et_pb_accordion_item][\/et_pb_accordion][\/et_pb_column][\/et_pb_row][et_pb_row column_structure=&#8220;1_2,1_2&#8243; admin_label=&#8220;Zeile&#8220; _builder_version=&#8220;4.23.1&#8243; _module_preset=&#8220;default&#8220; background_color=&#8220;RGBA(255,255,255,0)&#8220; global_colors_info=&#8220;{}&#8220;][et_pb_column type=&#8220;1_2&#8243; _builder_version=&#8220;4.17.0&#8243; _module_preset=&#8220;default&#8220; global_colors_info=&#8220;{}&#8220;][et_pb_image src=&#8220;https:\/\/so-gehts-swa.de\/wp-content\/uploads\/2025\/01\/blues.png&#8220; title_text=&#8220;blues&#8220; force_fullwidth=&#8220;on&#8220; _builder_version=&#8220;4.23.1&#8243; _module_preset=&#8220;default&#8220; max_height=&#8220;292px&#8220; global_colors_info=&#8220;{}&#8220; src__hover_enabled=&#8220;off|desktop&#8220;][\/et_pb_image][et_pb_text admin_label=&#8220;Text&#8220; _builder_version=&#8220;4.23.1&#8243; _module_preset=&#8220;default&#8220; global_colors_info=&#8220;{}&#8220;]<\/p>\n<h3>Marty Hall (Canada) Guitar &amp; Vocals<\/h3>\n<h3><strong>The High Art of Minimalism Honest, Raw and Direct<\/strong><\/h3>\n<p>[\/et_pb_text][et_pb_accordion _builder_version=&#8220;4.23.1&#8243; _module_preset=&#8220;default&#8220; global_colors_info=&#8220;{}&#8220;][et_pb_accordion_item title=&#8220;Veranstaltung&#8220; open=&#8220;on&#8220; _builder_version=&#8220;4.23.1&#8243; _module_preset=&#8220;default&#8220; global_colors_info=&#8220;{}&#8220;]<\/p>\n<p><strong>Freitag, 27.06.2025, 19:30 Uhr<\/strong><\/p>\n<p><strong>B\u00fchne am Kurweiher<\/strong><\/p>\n<p><strong>Eintritt \u20ac 22,00<\/strong><\/p>\n<p><strong><a href='https:\/\/www.reservix.de\/tickets-marty-hall-canada-guitar-vocals-kultursommer-bad-schwalbach-2025-in-bad-schwalbach-kurpark-buehne-am-kurweiher-am-27-6-2025\/e2353159' class='small-button smallgreen'>\u00fcber Reservix kaufen<\/a><\/strong><\/p>\n<p>[\/et_pb_accordion_item][et_pb_accordion_item title=&#8220;Information&#8220; content_last_edited=&#8220;off|desktop&#8220; _builder_version=&#8220;4.23.1&#8243; _module_preset=&#8220;default&#8220; global_colors_info=&#8220;{}&#8220; content__hover_enabled=&#8220;off|desktop&#8220; open=&#8220;off&#8220;]<\/p>\n<p>Mit seinen Blues, Roots, Rock und Balladen, durch seinen unimitierbaren Sound \u00fcber jahrzehntelanges internationales touren, hat der virtuose kanadische Gitarrist, S\u00e4nger und Songwriter Marty Hall, Musik zu seiner eigenen hohen Kunstform des Minimalismus entwickelt \u2013 sein Markenzeichen. Mit tausenden von Auftritten auf den grossartigsten Kulturb\u00fchnen Europas und Kanadas, von Akureyri \/ Island bis Palermo \/ Sizilien, B.P. Club Zagreb zum Yale Club in Vancouver, La Laiterie Strasbourg \u00fcber Piazza Dante Verona, zahlreichen Live Radio und TV Erscheinungen, geh\u00f6rt der \u00c4sthet Marty Hall zu den Musikern, die es schaffen, ihr Publikum schon mit den ersten Takten zu fesseln.<br \/>Sein Repertoire umfasst tief emotionale, eigene Kompositionen wie \u201ePrecious Love\u201c, \u201eSwirlin\u2019 Round And Round\u201c, \u201eCenter Lane\u201c, als auch sehr pers\u00f6nliche Interpretationen von Blues \u2013 und Roots Klassikern des 20. Jahrhunderts, wie die von Willie Dixon, Freddie King, Jimmy Reed und B.B. King.<\/p>\n<p>Seine Musik wurde am besten zusammengefasst und ausgedr\u00fcckt in den Worten der Kritiker der S\u00fcddeutschen Zeitung: \u201eHall, so scheint es hat eine ganze Band in seine Gitarre gestopft. Alle Stimmen eines kompletten Arrangements sind da zu h\u00f6ren. Akkorde , Bassl\u00e4ufe, Rhythmus, Backbeats. Dazu gesellen sich verspielte Einw\u00fcrfe, verzierungsreiche Soli. Dies alles aus einem Instrument hervorzuzaubern, da\u00df erfordert nicht nur ein hohes Ma\u00df an Spielkultur und instrumentaler Klasse, das erfordert vor allem viel Einf\u00fchlungsverm\u00f6gen und Disziplin, um nicht alles zu Tode zu solieren, sondern den Stimmen gleicherma\u00dfen ihren Raum zu lassen. Halls Gesang verschmilzt mit diesem Instrumentalklang. Das ist \u00e4u\u00dferst puristisch, und doch voll inniger W\u00e4rme und Leidenschaft. Das ist wirklich gro\u00dfe Musik.<\/p>\n<p>[\/et_pb_accordion_item][\/et_pb_accordion][\/et_pb_column][et_pb_column type=&#8220;1_2&#8243; _builder_version=&#8220;4.17.0&#8243; _module_preset=&#8220;default&#8220; global_colors_info=&#8220;{}&#8220;][et_pb_image src=&#8220;https:\/\/so-gehts-swa.de\/wp-content\/uploads\/2025\/01\/4-johannes.png&#8220; title_text=&#8220;4 johannes&#8220; force_fullwidth=&#8220;on&#8220; _builder_version=&#8220;4.23.1&#8243; _module_preset=&#8220;default&#8220; global_colors_info=&#8220;{}&#8220;][\/et_pb_image][et_pb_text _builder_version=&#8220;4.23.1&#8243; _module_preset=&#8220;default&#8220; global_colors_info=&#8220;{}&#8220;]<\/p>\n<h3>Johannes Scherer<\/h3>\n<p>[\/et_pb_text][et_pb_accordion _builder_version=&#8220;4.23.1&#8243; _module_preset=&#8220;default&#8220; global_colors_info=&#8220;{}&#8220;][et_pb_accordion_item title=&#8220;Veranstaltung&#8220; open=&#8220;on&#8220; _builder_version=&#8220;4.23.1&#8243; _module_preset=&#8220;default&#8220; global_colors_info=&#8220;{}&#8220;]<\/p>\n<p><strong>Samstag, 28.06.2025, 19:30 Uhr<\/strong><\/p>\n<p><strong>B\u00fchne am Kurweiher<\/strong><\/p>\n<p><strong>Eintritt \u20ac 25,00<\/strong><\/p>\n<p><strong><a href='https:\/\/www.reservix.de\/tickets-johannes-scherer-kultursommer-bad-schwalbach-2025-in-bad-schwalbach-kurpark-buehne-am-kurweiher-am-28-6-2025\/e2353186' class='small-button smallgreen'>\u00fcber Reservix kaufen<\/a><\/strong><\/p>\n<p>[\/et_pb_accordion_item][et_pb_accordion_item title=&#8220;Information&#8220; content_last_edited=&#8220;off|desktop&#8220; _builder_version=&#8220;4.23.1&#8243; _module_preset=&#8220;default&#8220; global_colors_info=&#8220;{}&#8220; content__hover_enabled=&#8220;off|desktop&#8220; open=&#8220;off&#8220;]<\/p>\n<p>Wer h\u00e4tte vor rund 20 Jahren gedacht, dass man mit \u201eScherereien\u201c und perfektem Hessisch die Kabarett- und Comedyb\u00fchnen des Landes erobern kann? 1998 ging Johannes Scherer erstmals mit seinem Partner Robert Treutel (Bodo Bach) auf Tournee. Vier Jahre sp\u00e4ter folgte Scherers erstes Solo \u201eScherereien\u201c, f\u00fcr das er direkt f\u00fcr den renommierten Kabarettpreis \u201ePrix Pantheon\u201c nominiert wurde. Weitere erfolgreiche Soloprogramme folgten in den n\u00e4chsten Jahren. Seine Fans nimmt auf eine Reise durch seine bisherigen Shows mit. In gewohnter Manier pr\u00e4sentiert er eine abwechslungsreiche Mischung aus Standup, Kabarett und Parodie. \u201eEs wird Ausz\u00fcge aus meinen Solo-Programmen Scherereien, Scherereien 2.0 Reloa-ded, Dumm klickt gut, Asoziale Netzwerke und meinem aktuellen, Kei-nangsthasen, geben\u201c, sagt Johannes Scherer. \u201eUnd nat\u00fcrlich auch einige \u00dcberraschungen.\u201c<br \/>Johannes Scherer parodiert in seinen j\u00fcngeren Programmen seltener und holt daf\u00fcr relevante Themen auf die B\u00fchne. Er rechnet gnadenlos ab mit verunsicherten Verbrauchern, automatischen Freundefindern, besorgten B\u00fcrgern, radikalen Thermomixizisten und allen anderen, die sonst noch ungefragt und \u00fcberfl\u00fcssigerweise ihren Kommunikationsm\u00fcll \u00fcberall hinterlassen. Die Presse schrieb \u00fcber ihn: \u201eEr schaut dem Volk nicht aufs Maul. Er ist Volk\u2026\u201c Und gerade bei Johannes Scherer f\u00e4llt mit jedem Programm, mit jedem Auftritt deutlicher auf, wie hundsraffiniert er den vermeintlichen Kahlgr\u00fcnder Kalauer zum klugen gesellschaftspolitischen Statement nutzt.\u201c Au\u00dferdem kommen nochmal die Jungs der \u201eDFBKantine\u201c zu Wort, sein Lieblingsitaliener Luigi und der inzwischen pensionierte Terminator Arnold Schwarzenegger, dem Johannes Scherer 2007 im Kinofilm der \u201eSimpsons\u201c seine mehr oder weniger deutsche Stimme leihen durfte. Das \u201cBEST OF\u201d Johannes Scherer verspricht \u00fcber zwei Stunden beste Unterhaltung.<\/p>\n<p>[\/et_pb_accordion_item][\/et_pb_accordion][\/et_pb_column][\/et_pb_row][et_pb_row admin_label=&#8220;Zeile&#8220; _builder_version=&#8220;4.23.1&#8243; _module_preset=&#8220;default&#8220; background_color=&#8220;RGBA(255,255,255,0)&#8220; global_colors_info=&#8220;{}&#8220;][et_pb_column type=&#8220;4_4&#8243; _builder_version=&#8220;4.17.0&#8243; _module_preset=&#8220;default&#8220; global_colors_info=&#8220;{}&#8220;][et_pb_text _builder_version=&#8220;4.23.1&#8243; _module_preset=&#8220;default&#8220; global_colors_info=&#8220;{}&#8220;]<\/p>\n<h1 style=\"text-align: center;\"><strong>Dein Tag im Park<\/strong><\/h1>\n<p>[\/et_pb_text][et_pb_image src=&#8220;https:\/\/so-gehts-swa.de\/wp-content\/uploads\/2025\/01\/dtip.png&#8220; title_text=&#8220;dtip&#8220; force_fullwidth=&#8220;on&#8220; _builder_version=&#8220;4.23.1&#8243; _module_preset=&#8220;default&#8220; global_colors_info=&#8220;{}&#8220;][\/et_pb_image][et_pb_text _builder_version=&#8220;4.23.1&#8243; _module_preset=&#8220;default&#8220; global_colors_info=&#8220;{}&#8220;]<\/p>\n<p>Freuen Sie sich auf einen unvergesslichen Tag voller Spa\u00df, Kreativit\u00e4t und Erholung im Kurpark Bad Schwalbach! Bei \u201eDein Tag im Park\u201c erwartet die ganze Familie ein abwechslungsreiches Programm, das keine W\u00fcnsche offenl\u00e4sst. Kinderherzen schlagen h\u00f6her bei den zahlreichen Attraktionen: H\u00fcpfburgen, spannende Bastelangebote und ein Einblick in den Alltag auf dem Schulbauernhof lassen keine Langeweile aufkommen.<br \/>Erwachsene k\u00f6nnen bei Live-Musik entspannen, mitrei\u00dfende Theaterauff\u00fchrungen genie\u00dfen oder sich an den vielf\u00e4ltigen kulinarischen St\u00e4nden verw\u00f6hnen lassen. Der weitl\u00e4ufige Kurpark wird an diesem Tag zur bunten Erlebniswelt, in der f\u00fcr jeden etwas dabei ist. Egal ob Spiel, Spa\u00df oder Genuss \u2013 die einzigartige Mischung aus Unterhaltung und Natur bietet ein Highlight f\u00fcr Jung und Alt. Genie\u00dfen Sie gemeinsam mit Ihrer Familie oder Freunden einen ereignisreichen Tag in der gr\u00fcnen Oase von Bad Schwalbach. Lassen Sie sich treiben und erleben Sie, warum \u201eDein Tag im Park\u201c Jahr f\u00fcr Jahr ein Highlight f\u00fcr die ganze Region ist.<\/p>\n<p>[\/et_pb_text][et_pb_accordion _builder_version=&#8220;4.23.1&#8243; _module_preset=&#8220;default&#8220; global_colors_info=&#8220;{}&#8220;][et_pb_accordion_item title=&#8220;Veranstaltung&#8220; open=&#8220;on&#8220; _builder_version=&#8220;4.23.1&#8243; _module_preset=&#8220;default&#8220; global_colors_info=&#8220;{}&#8220;]<\/p>\n<p><strong>Sonntag, 06.07.2025<\/strong><\/p>\n<p><strong>Kurpark Bad Schwalbach<\/strong><\/p>\n<p><strong>Eintritt frei!<\/strong><\/p>\n<p>[\/et_pb_accordion_item][\/et_pb_accordion][\/et_pb_column][\/et_pb_row][et_pb_row column_structure=&#8220;1_2,1_2&#8243; admin_label=&#8220;Zeile&#8220; _builder_version=&#8220;4.23.1&#8243; _module_preset=&#8220;default&#8220; background_color=&#8220;RGBA(255,255,255,0)&#8220; global_colors_info=&#8220;{}&#8220;][et_pb_column type=&#8220;1_2&#8243; _builder_version=&#8220;4.17.0&#8243; _module_preset=&#8220;default&#8220; global_colors_info=&#8220;{}&#8220;][et_pb_image src=&#8220;https:\/\/so-gehts-swa.de\/wp-content\/uploads\/2025\/01\/5-vaccaro.png&#8220; title_text=&#8220;5 vaccaro&#8220; force_fullwidth=&#8220;on&#8220; _builder_version=&#8220;4.23.1&#8243; _module_preset=&#8220;default&#8220; global_colors_info=&#8220;{}&#8220; src__hover_enabled=&#8220;off|desktop&#8220;][\/et_pb_image][et_pb_text admin_label=&#8220;Text&#8220; _builder_version=&#8220;4.23.1&#8243; _module_preset=&#8220;default&#8220; global_colors_info=&#8220;{}&#8220;]<\/p>\n<h3>Andr\u00e9 Vaccaro &amp; Friends<\/h3>\n<h3><strong>We love Rock \u2013 Die gr\u00f6\u00dften Rockhits aller Zeiten<\/strong><\/h3>\n<p>[\/et_pb_text][et_pb_accordion _builder_version=&#8220;4.23.1&#8243; _module_preset=&#8220;default&#8220; global_colors_info=&#8220;{}&#8220;][et_pb_accordion_item title=&#8220;Veranstaltung&#8220; open=&#8220;on&#8220; _builder_version=&#8220;4.23.1&#8243; _module_preset=&#8220;default&#8220; global_colors_info=&#8220;{}&#8220;]<\/p>\n<p><strong>Freitag, 22.08.2025, 19:30 Uhr<\/strong><\/p>\n<p><strong>B\u00fchne am Weinbrunnenplatz<\/strong><\/p>\n<p><strong>Eintritt \u20ac 26,00<\/strong><\/p>\n<p><strong><a href='https:\/\/www.reservix.de\/tickets-andre-vaccaro-friends-we-love-rock-kultursommer-bad-schwalbach-2025-in-bad-schwalbach-kurpark-buehne-am-kurweiher-am-22-8-2025\/e2353228' class='small-button smallgreen'>\u00fcber Reservix kaufen<\/a><\/strong><\/p>\n<p><strong><\/strong><\/p>\n<p>Oder zusammen mit \u201eWelthits auf Hessisch\u201c am Folgetag als Kombiticket \u20ac 49,00<\/p>\n<p>[\/et_pb_accordion_item][et_pb_accordion_item title=&#8220;Information&#8220; content_last_edited=&#8220;off|desktop&#8220; _builder_version=&#8220;4.23.1&#8243; _module_preset=&#8220;default&#8220; global_colors_info=&#8220;{}&#8220; content__hover_enabled=&#8220;off|desktop&#8220; open=&#8220;off&#8220;]<\/p>\n<p>Seien Sie dabei, wenn es hei\u00dft: We love Rock. Erleben Sie einen unvergesslichen Abend voller mitrei\u00dfender Musik unter freiem Himmel!<br \/>Die gr\u00f6\u00dften Rockhymnen aller Zeiten, die jeder kennt und liebt und bei denen man nicht still stehen kann und einfach mitsingen muss. Ein absolutes Highlight f\u00fcr alle Rockfans. Exra f\u00fcr dieses Konzert wurde eine All-StarBand aus renommierten Profimusikern zusammengestellt.<\/p>\n<p>Wenn Andr\u00e9 Vaccaro gemeinsam mit seinen Bandkollegen auf die B\u00fchne kommt wollen wir eine Rockparty feiern mit den gr\u00f6\u00dften Klassikern der Rockgeschichte. Von den Anf\u00e4ngen legend\u00e4rer Rockbands bis hin zu modernen Hymnen: Dieser KonzertAbend nimmt Sie mit, auf eine musikalische Zeitreise durch die Jahrzehnte. Hits von Gr\u00f6\u00dfen wie AC\/DC, Bon Jovi, Metallica, Nirvana und vielen mehr sorgen f\u00fcr G\u00e4nsehautmomente und garantieren beste Unterhaltung. Also rein in die Jeans- und Lederklamotten und dann rauf auf die Tanzfl\u00e4che zum Headbangen und Mitgr\u00f6len, seien Sie dabei, wenn Bad Schwalbach f\u00fcr eine Nacht zur Rockmetropole wird!<\/p>\n<p>[\/et_pb_accordion_item][\/et_pb_accordion][\/et_pb_column][et_pb_column type=&#8220;1_2&#8243; _builder_version=&#8220;4.17.0&#8243; _module_preset=&#8220;default&#8220; global_colors_info=&#8220;{}&#8220;][et_pb_image src=&#8220;https:\/\/so-gehts-swa.de\/wp-content\/uploads\/2025\/01\/6-tilmann.png&#8220; title_text=&#8220;6 tilmann&#8220; force_fullwidth=&#8220;on&#8220; _builder_version=&#8220;4.23.1&#8243; _module_preset=&#8220;default&#8220; global_colors_info=&#8220;{}&#8220;][\/et_pb_image][et_pb_text _builder_version=&#8220;4.23.1&#8243; _module_preset=&#8220;default&#8220; global_colors_info=&#8220;{}&#8220;]<\/p>\n<h3><span>Tilman Birr Elis C. Bihn <\/span><\/h3>\n<h3><strong>Welthits auf Hessisch<\/strong><\/h3>\n<p>[\/et_pb_text][et_pb_accordion _builder_version=&#8220;4.23.1&#8243; _module_preset=&#8220;default&#8220; global_colors_info=&#8220;{}&#8220;][et_pb_accordion_item title=&#8220;Veranstaltung&#8220; open=&#8220;on&#8220; _builder_version=&#8220;4.23.1&#8243; _module_preset=&#8220;default&#8220; global_colors_info=&#8220;{}&#8220;]<\/p>\n<p><strong>Samstag, 23.08.2025, 19:30 Uhr<\/strong><\/p>\n<p><strong>B\u00fchne am Weinbrunnenplatz<\/strong><\/p>\n<p><strong>Eintritt \u20ac 25,00<\/strong><\/p>\n<p><strong><a href='https:\/\/www.reservix.de\/tickets-tilman-birr-elis-c-bihn-welthits-auf-hessisch-kultursommer-bad-schwalbach-2025-in-bad-schwalbach-kurpark-buehne-am-kurweiher-am-23-8-2025\/e2353236' class='small-button smallgreen'>\u00fcber Reservix kaufen<\/a><\/strong><\/p>\n<p>Oder zusammen mit \u201eWe love Rock\u201c am Vortag als Kombiticket \u20ac 49,00<\/p>\n<p>[\/et_pb_accordion_item][et_pb_accordion_item title=&#8220;Information&#8220; content_last_edited=&#8220;off|desktop&#8220; _builder_version=&#8220;4.23.1&#8243; _module_preset=&#8220;default&#8220; global_colors_info=&#8220;{}&#8220; content__hover_enabled=&#8220;off|desktop&#8220; open=&#8220;off&#8220;]<\/p>\n<p>Welthits auf Hessisch \u2013 Wei\u00dfte, wie isch mein?<br \/>Die gro\u00dfen Hits der Welt \u2013 emol ganz anners und endlich uffm Bodde ge-blibbe unn ach f\u00fcr uss zu versteh \u2013 n\u00e4mlich hessisch wie\u00b4s gehert und wie mer\u00b4s do mog.<br \/>Wenn Elvis Presley, Roxette oder The Police hessisch gesungen h\u00e4tten, die Musikgeschichte w\u00e4re anders verlaufen. Ob besser oder schlechter&#8230; naja, wer wei\u00df das schon so genau?<br \/>Jedenfalls h\u00e4tte man sie besser verstanden. Zum Gl\u00fcck gibt es Tilman Birr und Elis C. Bihn alias \u201eWelthits auf Hessisch\u201c. Sie haben f\u00fcr euch weltbekannte Hits der letzten 130 Jahre originalgetreu \u00fcbersetzt \u2013 aus dem Englischen, Franz\u00f6sischen oder Italienischen \u2013 ins Hessische, die Sprache der Liebe und der Poesie, und nat\u00fcrlich ins hessische Lebensgef\u00fchl.<br \/>Das k\u00f6nnen nur diese beiden. \u201eWelt-hits auf Hessisch\u201c \u2013 der Harry Rowohlt unter den Stimmungsbands. Nun singen sie die ber\u00fchmten Lieder, wie \u201eAm Lebe bleibe\u201c (Bee Gees), \u201eB\u00f6s\u201c (Michael Jackson) oder \u201eKerzsche innem Wind\u201c (Elton John). Wei\u00dfte, wie isch mein?<br \/>Lassen Sie sich dieses nicht allt\u00e4gliche, witzige und stimmungsvolle Konzert nicht entgehen!<\/p>\n<p>[\/et_pb_accordion_item][\/et_pb_accordion][\/et_pb_column][\/et_pb_row][et_pb_row column_structure=&#8220;1_2,1_2&#8243; admin_label=&#8220;Zeile&#8220; _builder_version=&#8220;4.23.1&#8243; _module_preset=&#8220;default&#8220; background_color=&#8220;RGBA(255,255,255,0)&#8220; global_colors_info=&#8220;{}&#8220;][et_pb_column type=&#8220;1_2&#8243; _builder_version=&#8220;4.17.0&#8243; _module_preset=&#8220;default&#8220; global_colors_info=&#8220;{}&#8220;][et_pb_image src=&#8220;https:\/\/so-gehts-swa.de\/wp-content\/uploads\/2025\/01\/7-fanta-4.png&#8220; title_text=&#8220;7 fanta 4&#8243; force_fullwidth=&#8220;on&#8220; _builder_version=&#8220;4.23.1&#8243; _module_preset=&#8220;default&#8220; global_colors_info=&#8220;{}&#8220; src__hover_enabled=&#8220;off|desktop&#8220;][\/et_pb_image][et_pb_text admin_label=&#8220;Text&#8220; _builder_version=&#8220;4.23.1&#8243; _module_preset=&#8220;default&#8220; global_colors_info=&#8220;{}&#8220;]<\/p>\n<h3>Vier Gewinnt<\/h3>\n<h3><strong>Die Fanta Vier Tributeband<\/strong><\/h3>\n<p>[\/et_pb_text][et_pb_accordion _builder_version=&#8220;4.23.1&#8243; _module_preset=&#8220;default&#8220; global_colors_info=&#8220;{}&#8220;][et_pb_accordion_item title=&#8220;Veranstaltung&#8220; open=&#8220;on&#8220; _builder_version=&#8220;4.23.1&#8243; _module_preset=&#8220;default&#8220; global_colors_info=&#8220;{}&#8220;]<\/p>\n<p><strong>Freitag, 29.08.2025, 19:30 Uhr<\/strong><\/p>\n<p><strong>B\u00fchne am Weinbrunnenplatz<\/strong><\/p>\n<p><strong>Eintritt \u20ac 29,00<\/strong><\/p>\n<p><strong><a href='https:\/\/www.reservix.de\/tickets-vier-gewinnt-kultursommer-bad-schwalbach-2025-in-bad-schwalbach-kurpark-buehne-am-kurweiher-am-29-8-2025\/e2353376' class='small-button smallgreen'>\u00fcber Reservix kaufen<\/a><\/strong><\/p>\n<p>&nbsp;<\/p>\n<p>[\/et_pb_accordion_item][et_pb_accordion_item title=&#8220;Information&#8220; content_last_edited=&#8220;off|desktop&#8220; _builder_version=&#8220;4.23.1&#8243; _module_preset=&#8220;default&#8220; global_colors_info=&#8220;{}&#8220; content__hover_enabled=&#8220;off|desktop&#8220; open=&#8220;off&#8220;]<\/p>\n<p>In Anlehnung an den Namen des zweiten Albums der Fantastischen Vier rappt die weltweit erste, Fanta 4 Coverband die gro\u00dfen Hits ihrer Helden Smudo, Thomas D, Michi Beck und Andy Y. Mit gro\u00dfer Akribie und Hingabe widmen sich VIER GEWINNT dabei den Original Sounds, Beats und Bass-Lines der \u201eFantas\u201c und geben gekonnt die zungenbrecherischen Sprechges\u00e4nge ihrer Vorbilder zum Besten. Dabei kommen die Jungs den Fantas in jeder Hinsicht so nah, dass sie im Sommer 2024 von SAT.1 zur Teilnahme an der neuen TV Show \u201eThe Tribute\u201c eingeladen wurden, Viel gefeiert und gelobt von Publikum und Jury (Bertram Engel: \u201eDas sind unglaubliche Typen!\u201c) steht die Band am Ende auf einem brillanten Platz 3 und hat sich innerhalb von 6 Wochen in die Herzen von Millionen von TV Zuschauern gespielt. Bei einem Vier Gewinnt Konzert hei\u00dft es: Gute Laune Musik vom ersten Lied bis zur Zugabe, \u201eJetzt geht\u2019s ab\u201c mit viel Spa\u00df auf der B\u00fchne, ganz wie das Original, das seit 1990 regelm\u00e4\u00dfig neue Alben, Hits und Tourneen nachliefert. \u201eDie da!?!\u201c, \u201eWas geht? \u201eSie ist weg\u201c, \u201eMFG\u201c, \u201eTroy\u201c oder \u201eZusammen\u201c mit Clueso vom 2018er Album sind nur einige von vielen Highlights aus dem Programm. H\u00e4nde hoch also f\u00fcr die Vier Gewinnt Tribute Show! Hier wird nach Herzenslust gehippt und gehoppt und wenn dabei zum Teil halsbrecherische Tanzeinlagen zu sehen sind oder pl\u00f6tzlich einige Herbert-Gr\u00f6nemeyer-Zeilen im HipHop-Sound gerappt werden, wird schnell klar, dass sich die VIER FAN-TASTISCHEN SIEBEN selbst manchmal nicht so furchtbar ernst nehmen.<\/p>\n<p>[\/et_pb_accordion_item][\/et_pb_accordion][\/et_pb_column][et_pb_column type=&#8220;1_2&#8243; _builder_version=&#8220;4.17.0&#8243; _module_preset=&#8220;default&#8220; global_colors_info=&#8220;{}&#8220;][et_pb_image src=&#8220;https:\/\/so-gehts-swa.de\/wp-content\/uploads\/2025\/01\/8-opera.png&#8220; title_text=&#8220;8 opera&#8220; force_fullwidth=&#8220;on&#8220; _builder_version=&#8220;4.23.1&#8243; _module_preset=&#8220;default&#8220; global_colors_info=&#8220;{}&#8220;][\/et_pb_image][et_pb_text _builder_version=&#8220;4.23.1&#8243; _module_preset=&#8220;default&#8220; global_colors_info=&#8220;{}&#8220;]<\/p>\n<h3>Opera Classico Europa<\/h3>\n<h3><strong>Italienische Opernnacht<\/strong>\u00a0<\/h3>\n<p>[\/et_pb_text][et_pb_accordion _builder_version=&#8220;4.23.1&#8243; _module_preset=&#8220;default&#8220; global_colors_info=&#8220;{}&#8220;][et_pb_accordion_item title=&#8220;Veranstaltung&#8220; open=&#8220;on&#8220; _builder_version=&#8220;4.23.1&#8243; _module_preset=&#8220;default&#8220; global_colors_info=&#8220;{}&#8220;]<\/p>\n<p><strong>Samstag, 30.08.2025, 19:30 Uhr<\/strong><\/p>\n<p><strong>B\u00fchne am Weinbrunnenplatz<\/strong><\/p>\n<p><strong>1. Kategorie \u20ac 49,00<\/strong><\/p>\n<p><strong>2. Kategorie \u20ac 41,00<\/strong><\/p>\n<p><strong>3. Kategorie \u20ac 33,00<\/strong><\/p>\n<p><strong><a href='https:\/\/www.reservix.de\/tickets-opera-classic-europa-italienische-opernnacht-kultursommer-bad-schwalbach-2025-in-bad-schwalbach-kurpark-buehne-am-kurweiher-am-30-8-2025\/e2353421' class='small-button smallgreen'>\u00fcber Reservix kaufen<\/a><\/strong><\/p>\n<p>[\/et_pb_accordion_item][et_pb_accordion_item title=&#8220;Information&#8220; content_last_edited=&#8220;off|desktop&#8220; _builder_version=&#8220;4.23.1&#8243; _module_preset=&#8220;default&#8220; global_colors_info=&#8220;{}&#8220; content__hover_enabled=&#8220;off|desktop&#8220; open=&#8220;off&#8220;]<\/p>\n<p>Wie immer bei unserer letzten Veranstaltung im Rahmen des Kultursommers, einer der H\u00f6hepunkte unsere Opernauff\u00fchrung. Dieses Mal zusammen mit Opera Classica Europa von Michael Vaccaro. Freuen Sie sich auf eine italienische Opernnacht.<\/p>\n<p>Es werden internationale Operns\u00e4ngerinnen und -s\u00e4nger zu h\u00f6ren sein. Darunter weltbekannte Solisten wie Marco Antonio Rivera und viele andere, die bereits mehrfach in den bekanntesten Opernh\u00e4usern, wie der Arena di Verona, der Metropolitan Opera New York, der Mail\u00e4nder Scala und vielen weiteren gro\u00dfen Opernh\u00e4usern weltweit, engagiert waren.<\/p>\n<p>Das abwechslungsreiche Programm beinhaltet die sch\u00f6nsten Arien und Duette aus weltber\u00fchmten italienischen Opern von Giuseppe Verdi, Giacomo Puccini und anderen bekannten Komponisten des italienischen Opernfachs.<\/p>\n<p>[\/et_pb_accordion_item][\/et_pb_accordion][\/et_pb_column][\/et_pb_row][et_pb_row column_structure=&#8220;1_2,1_2&#8243; _builder_version=&#8220;4.23.1&#8243; _module_preset=&#8220;default&#8220; global_colors_info=&#8220;{}&#8220;][et_pb_column type=&#8220;1_2&#8243; _builder_version=&#8220;4.23.1&#8243; _module_preset=&#8220;default&#8220; global_colors_info=&#8220;{}&#8220;][et_pb_text _builder_version=&#8220;4.23.1&#8243; _module_preset=&#8220;default&#8220; global_colors_info=&#8220;{}&#8220;]<\/p>\n<p><strong>Kinder bis 12 Jahre haben freien <\/strong><strong>Eintritt<\/strong><br \/>Sonderpreise in H\u00f6he von 20 % werden gew\u00e4hrt f\u00fcr:<\/p>\n<ol>\n<li>Schwerbehinderte ab einem Grad der Behinderung in H\u00f6he von 70%<\/li>\n<li>Begleitpersonen von Schwerbehinderten (Merkzeichen \u201eB\u201c im Ausweis des Schwerbehinderten erforderlich)<\/li>\n<li>Sch\u00fclerinnen, Sch\u00fcler und Studierende (Sch\u00fclerinnen, Sch\u00fcler,- oder Studentenausweis) Bei allen sind die Ausweise als Berechtigung des Sonderpreises vorzulegen.\n<\/li>\n<\/ol>\n<p>Tickets und Wertgutscheine (nicht auf eine bestimmte Veranstaltung gebunden) erhalten Sie gerne bei folgenden Vorverkaufsstellen:<br \/>Buchhandlung am Rathaus <br \/>Adolfstr. 37<br \/>65307 Bad Schwalbach<br \/>Happy Services<br \/>Am Kurpark 6-8<br \/>65307 Bad Schwalbach<\/p>\n<p>[\/et_pb_text][\/et_pb_column][et_pb_column type=&#8220;1_2&#8243; _builder_version=&#8220;4.23.1&#8243; _module_preset=&#8220;default&#8220; global_colors_info=&#8220;{}&#8220;][et_pb_text _builder_version=&#8220;4.23.1&#8243; _module_preset=&#8220;default&#8220; global_colors_info=&#8220;{}&#8220;]<\/p>\n<p>Online Buchungen \u00fcber: <strong>www.kultursommer-swa.de<\/strong> oder <br \/>unter <strong>www.reservix.de<\/strong>.<br \/>Ihnen gef\u00e4llt unsere Veranstaltungsreihe und unser Engagement?<br \/>Zur langfristigen Etablierung und Durchf\u00fchrung des Kultursommers Bad Schwalbach m\u00fcssen weiterhin Finanzmittel generiert werden. Sofern Sie uns hierbei unterst\u00fctzen, im Sinne von Spenden oder Sponsorengeldern, m\u00f6chten melden sich jederzeit gerne bei Matthias Dirr, per E-Mail: m.dirr@kultursommer.de.,um mit ihm das Vorgehen zu besprechen.<br \/>Wenn Sie uns nicht finanziell unterst\u00fctzen k\u00f6nnen, nehmen wir auch jederzeit noch weitere ehrenamtliche Helfer auf \u2013 wir freuen uns auf Sie!<br \/>Melden auch Sie sich gerne bei <br \/>Matthias Dirr, per E-Mail: mdirr@kultursommer-swa.de<br \/>Grafik\u2009&amp;\u2009Design:<br \/>Martina Kilian <br \/>martina.kilian@gmail.com<\/p>\n<p>[\/et_pb_text][\/et_pb_column][\/et_pb_row][\/et_pb_section]<\/p>\n","protected":false},"excerpt":{"rendered":"<p>Auch in 2025 freuen wir uns wieder, mit Ihnen den Kultursommer Bad Schwalbach zu erleben und zu feiern. Wieder in zwei zeitlichen Bl\u00f6cken, Juni und August und dazwischen im Juli \u201eDein Tag im Park\u201c, pr\u00e4sentieren wir Ihnen ein vielseitiges Programm unterschiedlicher Genres, f\u00fcr Jung und Junggebliebene. Auf den kommenden Seiten stellen wir Ihnen unser awechslungsreiches [&hellip;]<\/p>\n","protected":false},"author":36,"featured_media":0,"comment_status":"closed","ping_status":"open","sticky":false,"template":"","format":"standard","meta":{"_et_pb_use_builder":"on","_et_pb_old_content":"","_et_gb_content_width":""},"categories":[1],"tags":[],"_links":{"self":[{"href":"https:\/\/so-gehts-swa.de\/api\/wp\/v2\/posts\/591"}],"collection":[{"href":"https:\/\/so-gehts-swa.de\/api\/wp\/v2\/posts"}],"about":[{"href":"https:\/\/so-gehts-swa.de\/api\/wp\/v2\/types\/post"}],"author":[{"embeddable":true,"href":"https:\/\/so-gehts-swa.de\/api\/wp\/v2\/users\/36"}],"replies":[{"embeddable":true,"href":"https:\/\/so-gehts-swa.de\/api\/wp\/v2\/comments?post=591"}],"version-history":[{"count":18,"href":"https:\/\/so-gehts-swa.de\/api\/wp\/v2\/posts\/591\/revisions"}],"predecessor-version":[{"id":651,"href":"https:\/\/so-gehts-swa.de\/api\/wp\/v2\/posts\/591\/revisions\/651"}],"wp:attachment":[{"href":"https:\/\/so-gehts-swa.de\/api\/wp\/v2\/media?parent=591"}],"wp:term":[{"taxonomy":"category","embeddable":true,"href":"https:\/\/so-gehts-swa.de\/api\/wp\/v2\/categories?post=591"},{"taxonomy":"post_tag","embeddable":true,"href":"https:\/\/so-gehts-swa.de\/api\/wp\/v2\/tags?post=591"}],"curies":[{"name":"wp","href":"https:\/\/api.w.org\/{rel}","templated":true}]}}